{"id":325,"date":"2012-04-02T06:15:49","date_gmt":"2012-04-02T05:15:49","guid":{"rendered":"http:\/\/ericante.fr\/?p=325"},"modified":"2015-08-07T06:47:02","modified_gmt":"2015-08-07T05:47:02","slug":"portosin-du-vendredi-30-mars-au-dimanche-1er-avril-2012","status":"publish","type":"post","link":"https:\/\/ericante.fr\/?p=325","title":{"rendered":"Portosin, du vendredi 30 mars au dimanche 1er avril 2012"},"content":{"rendered":"<p style=\"text-align: justify;\">Les m\u00e9t\u00e9o c\u00f4ti\u00e8res nous annoncent un vent de nord-est force 2 \u00e0 3, la m\u00e9t\u00e9o marine de France Inter GO force 3 \u00e0 5 fra\u00eechissant 6 \u00e0 7 l&rsquo;apr\u00e8s midi.<br \/>\nNous quittons Muxia au lever du jour \u00e0 7 h30 avec un vent d&rsquo;est-nord-est force 2. A 9 heures le vent est NE force 6 et nous avan\u00e7ons vite vers le cap Torinana, qui est le point le plus \u00e0 l&rsquo;ouest de l&rsquo;Espagne. A 10 heures nous empannons et nous nous dirigeons vers le cap Finisterre, le vent est retomb\u00e9 \u00e0 force 4 et le soleil commence \u00e0 chauffer. A midi par un vent de force 2 nous envoyons le gennaker.<br \/>\n<img decoding=\"async\" class=\"lazy alignleft\" title=\"\" src=\"http:\/\/dev.stw.fr\/sites\/default\/files\/833\/images\/1059023591.2.jpg\" alt=\"serpent de mer.jpg\" \/>A 15h, nous avan\u00e7ons \u00e0 3 n\u0153uds quand nous voyons derri\u00e8re la coque la queue d&rsquo;un poisson qui semble accroch\u00e9 au safran tribord et qui nage sur le dos. Au large de cette \u00ab\u00a0costa de la muerte\u00a0\u00bb terre de l\u00e9gende et de sorci\u00e8res, nous pensons tout de suite \u00e0 un serpent de mer. \u00c0 l&rsquo;occasion d&rsquo;une acc\u00e9l\u00e9ration momentan\u00e9e il s&rsquo;\u00e9carte un peu, et nous le voyons en entier, il s&rsquo;agit d&rsquo;un poisson long et rond son dos est brun tachet\u00e9 et sa t\u00eate ronde. Quand nous reprenons notre vitesse de 3 n\u0153uds il revient s&rsquo;installer sous la coque. Nous apprendrons, apr\u00e8s avoir envoy\u00e9 la photos de notre serpent de mer sur le forum de STW que c&rsquo;est une lamproie qui nous a suivis pendant \u00be d&rsquo;heure, accroch\u00e9e par sa ventouse.<br \/>\nA 17h 30 nous rentrons le gennaker et allons faire un rond dans un port ressemblant \u00e0 Portosin mais qui est en fait le port de p\u00eache d&rsquo;El Son. Nous entrons dans la marina de Portosin qui se trouve \u00e0 3 miles \u00e0 l&rsquo;est du pr\u00e9c\u00e9dent port \u00e0 19h. Nous ne voyons personne du port et nous amarrons en bout d&rsquo;un ponton.<br \/>\nLe 31 nous pouvons aller au bureau o\u00f9 nous sommes bien accueillis, la marina est propre, les bureaux somptueux, les sanitaires corrects et le wifi fonctionne bien sur les pontons, enfin le prix est raisonnable. Portosin est une petite ville o\u00f9 l&rsquo;on trouve l&rsquo;essentiel et qui, comme la plupart des port que nous avons visit\u00e9s dispose d&rsquo;une large promenade en front de mer. Un autre bateau fran\u00e7ais est dans le port, il s&rsquo;agit du Super Maramu de Robert et d&rsquo;Annie, des bretons de Saint Pabu, qui connaissent, bien s\u00fbr, Jean Alexis et Yvonne.<br \/>\nAnnie et Robert ont pass\u00e9 l&rsquo;hiver aux Canaries et \u00e0 Mad\u00e8re et remonte en Bretagne pour l&rsquo;\u00e9t\u00e9, ils sont enchant\u00e9s de leur p\u00e9riple.<\/p>\n<p><img loading=\"lazy\" decoding=\"async\" class=\"lazy\" title=\"\" src=\"http:\/\/dev.stw.fr\/sites\/default\/files\/833\/images\/2322419764.JPG\" alt=\"31-3-12 Portosin front de mer.JPG\" width=\"623\" height=\"467\" \/><\/p>\n","protected":false},"excerpt":{"rendered":"<p>Les m\u00e9t\u00e9o c\u00f4ti\u00e8res nous annoncent un vent de nord-est force 2 \u00e0 3, la m\u00e9t\u00e9o marine de France Inter GO force 3 \u00e0 5 fra\u00eechissant 6 \u00e0 7 l&rsquo;apr\u00e8s midi. Nous quittons Muxia au lever du jour \u00e0 7 h30 &hellip; <a href=\"https:\/\/ericante.fr\/?p=325\">Continuer la lecture <span class=\"meta-nav\">&rarr;<\/span><\/a><\/p>\n","protected":false},"author":1,"featured_media":0,"comment_status":"open","ping_status":"open","sticky":false,"template":"","format":"standard","meta":{"_monsterinsights_skip_tracking":false,"_uf_show_specific_survey":0,"_uf_disable_surveys":false,"footnotes":""},"categories":[105],"tags":[117,112],"class_list":["post-325","post","type-post","status-publish","format-standard","hentry","category-espagne","tag-muros","tag-portosin"],"_links":{"self":[{"href":"https:\/\/ericante.fr\/index.php?rest_route=\/wp\/v2\/posts\/325","targetHints":{"allow":["GET"]}}],"collection":[{"href":"https:\/\/ericante.fr\/index.php?rest_route=\/wp\/v2\/posts"}],"about":[{"href":"https:\/\/ericante.fr\/index.php?rest_route=\/wp\/v2\/types\/post"}],"author":[{"embeddable":true,"href":"https:\/\/ericante.fr\/index.php?rest_route=\/wp\/v2\/users\/1"}],"replies":[{"embeddable":true,"href":"https:\/\/ericante.fr\/index.php?rest_route=%2Fwp%2Fv2%2Fcomments&post=325"}],"version-history":[{"count":1,"href":"https:\/\/ericante.fr\/index.php?rest_route=\/wp\/v2\/posts\/325\/revisions"}],"predecessor-version":[{"id":326,"href":"https:\/\/ericante.fr\/index.php?rest_route=\/wp\/v2\/posts\/325\/revisions\/326"}],"wp:attachment":[{"href":"https:\/\/ericante.fr\/index.php?rest_route=%2Fwp%2Fv2%2Fmedia&parent=325"}],"wp:term":[{"taxonomy":"category","embeddable":true,"href":"https:\/\/ericante.fr\/index.php?rest_route=%2Fwp%2Fv2%2Fcategories&post=325"},{"taxonomy":"post_tag","embeddable":true,"href":"https:\/\/ericante.fr\/index.php?rest_route=%2Fwp%2Fv2%2Ftags&post=325"}],"curies":[{"name":"wp","href":"https:\/\/api.w.org\/{rel}","templated":true}]}}