{"id":3196,"date":"2016-04-10T17:05:02","date_gmt":"2016-04-10T16:05:02","guid":{"rendered":"http:\/\/ericante.fr\/?p=3196"},"modified":"2016-05-22T07:23:07","modified_gmt":"2016-05-22T06:23:07","slug":"preveza-du-vendredi-18-mars-2016-au","status":"publish","type":"post","link":"https:\/\/ericante.fr\/?p=3196","title":{"rendered":"Preveza, du vendredi 18 mars au samedi 11 avril 2016"},"content":{"rendered":"<p>10Retour \u00e0 bord.<\/p>\n<p>Partis de Logonna le 11 mars nous sommes arriv\u00e9s \u00e0 Preveza le 18 apr\u00e8s 2 jours \u00e0 Rennes, 2 jours \u00e0 Paris et 3 jours \u00e0 Ath\u00e8nes.<\/p>\n<p><a href=\"https:\/\/ericante.fr\/wp-content\/uploads\/2016\/03\/2016-03-17-Acropole-Athenes.jpg\" rel=\"attachment wp-att-3193\"><img loading=\"lazy\" decoding=\"async\" class=\"alignnone wp-image-3193\" src=\"https:\/\/ericante.fr\/wp-content\/uploads\/2016\/03\/2016-03-17-Acropole-Athenes-300x193.jpg\" alt=\"2016-03-17 Acropole Athenes\" width=\"409\" height=\"263\" srcset=\"https:\/\/ericante.fr\/wp-content\/uploads\/2016\/03\/2016-03-17-Acropole-Athenes-300x193.jpg 300w, https:\/\/ericante.fr\/wp-content\/uploads\/2016\/03\/2016-03-17-Acropole-Athenes-768x495.jpg 768w, https:\/\/ericante.fr\/wp-content\/uploads\/2016\/03\/2016-03-17-Acropole-Athenes.jpg 1024w\" sizes=\"auto, (max-width: 409px) 100vw, 409px\" \/><\/a>\u00a0<a href=\"https:\/\/ericante.fr\/wp-content\/uploads\/2016\/03\/2016-03-17-garde-\u00e0-pompoms-palais-Athenes.jpg\" rel=\"attachment wp-att-3194\"><img loading=\"lazy\" decoding=\"async\" class=\"alignnone wp-image-3194\" src=\"https:\/\/ericante.fr\/wp-content\/uploads\/2016\/03\/2016-03-17-garde-\u00e0-pompoms-palais-Athenes-225x300.jpg\" alt=\"2016-03-17 garde \u00e0 pompoms palais Athenes\" width=\"198\" height=\"264\" srcset=\"https:\/\/ericante.fr\/wp-content\/uploads\/2016\/03\/2016-03-17-garde-\u00e0-pompoms-palais-Athenes-225x300.jpg 225w, https:\/\/ericante.fr\/wp-content\/uploads\/2016\/03\/2016-03-17-garde-\u00e0-pompoms-palais-Athenes.jpg 768w\" sizes=\"auto, (max-width: 198px) 100vw, 198px\" \/><\/a><\/p>\n<p>A Ath\u00e8nes nous avons utilis\u00e9 pour la premi\u00e8re fois le service Airnbn de logement chez l&rsquo;habitant.<\/p>\n<p style=\"text-align: justify;\"><a href=\"https:\/\/ericante.fr\/wp-content\/uploads\/2016\/03\/2016-03-18-Momchilo-cucurbitac\u00e9-peint-Athenes.jpg\" rel=\"attachment wp-att-3195\"><img loading=\"lazy\" decoding=\"async\" class=\" wp-image-3195 alignleft\" src=\"https:\/\/ericante.fr\/wp-content\/uploads\/2016\/03\/2016-03-18-Momchilo-cucurbitac\u00e9-peint-Athenes-300x225.jpg\" alt=\"2016-03-18 Momchilo cucurbitac\u00e9 peint Athenes\" width=\"345\" height=\"259\" srcset=\"https:\/\/ericante.fr\/wp-content\/uploads\/2016\/03\/2016-03-18-Momchilo-cucurbitac\u00e9-peint-Athenes-300x225.jpg 300w, https:\/\/ericante.fr\/wp-content\/uploads\/2016\/03\/2016-03-18-Momchilo-cucurbitac\u00e9-peint-Athenes-768x576.jpg 768w, https:\/\/ericante.fr\/wp-content\/uploads\/2016\/03\/2016-03-18-Momchilo-cucurbitac\u00e9-peint-Athenes.jpg 1024w\" sizes=\"auto, (max-width: 345px) 100vw, 345px\" \/><\/a>Nous sommes bien tomb\u00e9s, chez Momchillo qui habite pr\u00e8s du centre historique mat\u00e9rialis\u00e9 par l&rsquo;Acropole et parle tr\u00e8s bien le fran\u00e7ais et 5 autres langues qu&rsquo;il enseigne \u00e0 domicile quand il ne peint pas aupr\u00e8s de son chat. Pour aller de l&rsquo;a\u00e9roport \u00e0 notre h\u00e9bergement et de celui-ci au d\u00e9part des bus nous avons utilis\u00e9 Uber qui semble fonctionner partout en Europe. Delphine nous a fait d\u00e9couvrir ces syst\u00e8mes d&rsquo;ub\u00e9risation utilis\u00e9s surtout par les jeunes. Les partenaires sont toujours surpris par notre \u00e2ge\u00a0! et Dieu merci nous laisse des commentaires chaleureux.<\/p>\n<p style=\"text-align: justify;\">Le bus d&rsquo;Ath\u00e8nes \u00e0 Preveza est confortable et les 6 heures de trajet passent assez vite avec un arr\u00eat pipi \u00e0 mi parcours. Le bus nous a d\u00e9pos\u00e9 \u00e0 1 km de la marina, mais nous n&rsquo;avions pas fait 100 m qu&rsquo;une voiture s&rsquo;arr\u00eate pour nous conduire devant l&rsquo;Ericante, il s&rsquo;agissait d&rsquo;un couple de plaisanciers australiens dont le bateau est au chantier voisin de Cleopatra<\/p>\n<p style=\"text-align: justify;\">Ericante a bien support\u00e9 l&rsquo;hiver et nous a agr\u00e9ablement surpris \u00e9tant en ordre avec des batteries bien charg\u00e9es gr\u00e2ce \u00e0 l&rsquo;\u00e9olienne.<\/p>\n<p style=\"text-align: justify;\">A bord il y a encore beaucoup de choses \u00e0 faire:<\/p>\n<ul>\n<li style=\"text-align: justify;\">Changer un taquet tordu l&rsquo;ann\u00e9e derni\u00e8re \u00e0 Tricase<\/li>\n<li>Remplacer les h\u00e9lices<\/li>\n<li>Changer le compas car le compas actuel sur colonne emp\u00eache de voir les cadrans Raymarine quand on est pas \u00e0 la barre.<\/li>\n<li>R\u00e9gler le gr\u00e9ement<\/li>\n<li>Faire des retouches de peinture.<\/li>\n<li>Poser des marqueurs sur la cha\u00eene d&rsquo;ancre tout les 10 m car la peinture faite il y a 5 ans ne se voit plus beaucoup.<\/li>\n<li>Faire l&rsquo;entretien des moteurs<\/li>\n<li>et repasser une couche d&rsquo;antifouling avant la remise \u00e0 l&rsquo;eau que l&rsquo;on pr\u00e9voit autour du 5 avril.<\/li>\n<\/ul>\n<p style=\"text-align: justify;\">Aujourd&rsquo;hui il y a du Sirocco jusqu&rsquo;\u00e0 40N et la temp\u00e9rature ext\u00e9rieure est de 23\u00b0 \u00e0 7 heures du matin, les jours pr\u00e9c\u00e9dents elles \u00e9tait plut\u00f4t entre 15\u00b0 \u00e0 cette heure.<\/p>\n<p style=\"text-align: justify;\">En trois semaines \u00e0 Preveza nous avons r\u00e9alis\u00e9 presque tout ce qui \u00e9tait pr\u00e9vu. La premi\u00e8re semaine a \u00e9t\u00e9 plut\u00f4t calme, nous attendions la livraison des mat\u00e9riels command\u00e9s. Puis, plus la date de mise \u00e0 l&rsquo;eau pr\u00e9vue autour du 10 avril approchait plus nos activit\u00e9 se sont acc\u00e9l\u00e9r\u00e9es. Nous \u00e9tions bien install\u00e9s en face du bureau \u00e0 40 m\u00e8tres des sanitaires et de la salle de r\u00e9ception d&rsquo;internet. Nous avons retrouv\u00e9 les deux fr\u00e8res de Ch\u00e2lons sur Marne qui ont vendu leur bateau et ont quitt\u00e9 Aktio d\u00e9but avril, puis nous avons fait la connaissance de Michel, de Claude, de Sally, Aline et Andrea.<\/p>\n<p style=\"text-align: justify;\">Michel est \u00e2g\u00e9 de 80 ans et toujours tr\u00e8s actif, apr\u00e8s avoir navigu\u00e9 tout autour de l&rsquo;Atlantique sur Yagan, son voilier de 15 m, il navigue depuis 7 ans en m\u00e9diterran\u00e9e. Il a une m\u00e9moire ph\u00e9nom\u00e9nale et nous a conseill\u00e9s de nombreuses escales en mer ionienne et en mer \u00c9g\u00e9e. Michel a vendu son bateau a Claude car ce bateau lui semble trop lourd pour son \u00e2ge.<\/p>\n<p style=\"text-align: justify;\"><a href=\"https:\/\/ericante.fr\/wp-content\/uploads\/2016\/05\/2016-04-01-2-Claude-et-Michel-voilier-Yagan-Aktio.jpg\" rel=\"attachment wp-att-3365\"><img loading=\"lazy\" decoding=\"async\" class=\" wp-image-3365 aligncenter\" src=\"https:\/\/ericante.fr\/wp-content\/uploads\/2016\/05\/2016-04-01-2-Claude-et-Michel-voilier-Yagan-Aktio-300x202.jpg\" alt=\"2016-04-01 2 Claude et Michel voilier Yagan Aktio\" width=\"404\" height=\"272\" srcset=\"https:\/\/ericante.fr\/wp-content\/uploads\/2016\/05\/2016-04-01-2-Claude-et-Michel-voilier-Yagan-Aktio-300x202.jpg 300w, https:\/\/ericante.fr\/wp-content\/uploads\/2016\/05\/2016-04-01-2-Claude-et-Michel-voilier-Yagan-Aktio-768x516.jpg 768w, https:\/\/ericante.fr\/wp-content\/uploads\/2016\/05\/2016-04-01-2-Claude-et-Michel-voilier-Yagan-Aktio.jpg 1024w\" sizes=\"auto, (max-width: 404px) 100vw, 404px\" \/><\/a><\/p>\n<p style=\"text-align: justify;\">Claude a 10 ans de moins que Michel et poss\u00e8de depuis longtemps un voilier en acier qu&rsquo;il a vendu \u00e0 un italien. Michel a travaill\u00e9 intens\u00e9ment dans l&rsquo;\u00e9lectronique, r\u00e9alis\u00e9 des quantit\u00e9s d\u2019installations sur son bateau. Il nous a expliqu\u00e9 comment diviser par deux la consommation de frigo par temps chaud sans perte de qualit\u00e9, il suffit de r\u00e9duire la vitesse du moteur de 3500 tours \u00e0 2000 tours en shuntant simplement une petite diode.<\/p>\n<p style=\"text-align: justify;\">La Marina propose aux propri\u00e9taires de voiliers r\u00e9sidant dans leur bateau un transport gratuit en voiture \u00e0 Preveza. La voiture part tous les jours \u00e0 10 heures pile et repart de Preveza vers midi, par la route cela fait une douzaine de km en passant dans un tunnel sous la baie.<\/p>\n<p style=\"text-align: justify;\"><a href=\"https:\/\/ericante.fr\/wp-content\/uploads\/2016\/04\/Sally-et-Ant\u00e9-Aktio.jpg\" rel=\"attachment wp-att-3224\"><img loading=\"lazy\" decoding=\"async\" class=\"size-medium wp-image-3224 alignleft\" src=\"https:\/\/ericante.fr\/wp-content\/uploads\/2016\/04\/Sally-et-Ant\u00e9-Aktio-300x202.jpg\" alt=\"Sally et Ant\u00e9 Aktio\" width=\"300\" height=\"202\" srcset=\"https:\/\/ericante.fr\/wp-content\/uploads\/2016\/04\/Sally-et-Ant\u00e9-Aktio-300x202.jpg 300w, https:\/\/ericante.fr\/wp-content\/uploads\/2016\/04\/Sally-et-Ant\u00e9-Aktio-768x517.jpg 768w, https:\/\/ericante.fr\/wp-content\/uploads\/2016\/04\/Sally-et-Ant\u00e9-Aktio.jpg 1024w\" sizes=\"auto, (max-width: 300px) 100vw, 300px\" \/><\/a>C&rsquo;est au cours d&rsquo;un de ces voyages que nous avons fait la connaissance de Sally de Weymouth qui a tr\u00e8s vite sympathis\u00e9 avec Ant\u00e9. Elles ont le m\u00eame \u00e2ge, les m\u00eames passions et beaucoup d&rsquo;atomes crochus. Puis Aline toute jeune bretonne qui avec son compagnon Andrea, bel italien, fait du charter autour de Corfou depuis deux ans sur un Oceanis 430.<\/p>\n<p style=\"text-align: justify;\"><span style=\"color: #333333;\">L&rsquo;ambiance est d\u00e9contract\u00e9e et amicale dans le chantier d&rsquo;Aktio Marina dirig\u00e9 par Nick et John Dimopoulos. Nous la recommandons sans restriction.<\/span><\/p>\n<p style=\"text-align: justify;\"><span style=\"color: #333333;\"><a href=\"https:\/\/ericante.fr\/wp-content\/uploads\/2016\/04\/entretien-teck-Aktio-chantier.jpg\" rel=\"attachment wp-att-3219\"><img loading=\"lazy\" decoding=\"async\" class=\" wp-image-3219 alignright\" src=\"https:\/\/ericante.fr\/wp-content\/uploads\/2016\/04\/entretien-teck-Aktio-chantier-300x270.jpg\" alt=\"entretien teck Aktio chantier\" width=\"267\" height=\"240\" srcset=\"https:\/\/ericante.fr\/wp-content\/uploads\/2016\/04\/entretien-teck-Aktio-chantier-300x270.jpg 300w, https:\/\/ericante.fr\/wp-content\/uploads\/2016\/04\/entretien-teck-Aktio-chantier-768x692.jpg 768w, https:\/\/ericante.fr\/wp-content\/uploads\/2016\/04\/entretien-teck-Aktio-chantier.jpg 1024w\" sizes=\"auto, (max-width: 267px) 100vw, 267px\" \/><\/a>En dehors de ces contacts avec nos voisins nous avons remplac\u00e9 le taquet tordu par un neuf, remplac\u00e9 tr\u00e8s facilement les h\u00e9lices Kiwiprop par des h\u00e9lices Flexofold en bronze d&rsquo;aluminium, pos\u00e9 le panneau solaire souple 200W Sunware sur le Bimini et fait toutes les connexion \u00e9lectriques dans les r\u00e8gles de l&rsquo;art, chang\u00e9 le compas de route contre un plus petit, gratt\u00e9 la coque et pass\u00e9 une couche d&rsquo;antifouling, peint l&rsquo;ancre en blanc, pos\u00e9 les marqueurs de cha\u00eene, ajout\u00e9 du Sika autour des hublots les plus expos\u00e9s aux diff\u00e9rences de temp\u00e9ratures, ponc\u00e9 la table de cockpit et pass\u00e9 un produit miracle sans entretien <span style=\"font-family: 'Times New Roman', serif;\">\u00ab\u00a0<\/span><i>Teak Wonder dressing and sealer<\/i><span style=\"font-family: 'Times New Roman', serif;\"><i>\u00a0\u00bb <\/i><\/span>dont un pot nous a \u00e9t\u00e9 offert par Claude.<\/span><\/p>\n<h3 style=\"text-align: justify;\"><span style=\"font-family: 'Times New Roman', serif; color: #333333;\">Quelques jours avant notre retour \u00e0 Preveza la petite chienne du chantier a eu 4 chiots ont fait l&rsquo;admiration de beaucoup de plaisanciers du chantier. Le jour de notre d\u00e9part la chienne s&rsquo;est install\u00e9e sous le bateau, comme s&rsquo;il voulait nous retenir.<\/span><\/h3>\n<p><a href=\"https:\/\/ericante.fr\/wp-content\/uploads\/2016\/04\/les-toutous-dAktio.jpg\" rel=\"attachment wp-att-3220\"><img loading=\"lazy\" decoding=\"async\" class=\"alignnone wp-image-3220\" src=\"https:\/\/ericante.fr\/wp-content\/uploads\/2016\/04\/les-toutous-dAktio-300x216.jpg\" alt=\"les toutous d'Aktio\" width=\"335\" height=\"241\" \/><\/a>\u00a0<a href=\"https:\/\/ericante.fr\/wp-content\/uploads\/2016\/04\/petite-chienne-dAktio.jpg\" rel=\"attachment wp-att-3223\"><img loading=\"lazy\" decoding=\"async\" class=\"alignnone size-medium wp-image-3223\" src=\"https:\/\/ericante.fr\/wp-content\/uploads\/2016\/04\/petite-chienne-dAktio-300x241.jpg\" alt=\"petite chienne d'Aktio\" width=\"300\" height=\"241\" srcset=\"https:\/\/ericante.fr\/wp-content\/uploads\/2016\/04\/petite-chienne-dAktio-300x241.jpg 300w, https:\/\/ericante.fr\/wp-content\/uploads\/2016\/04\/petite-chienne-dAktio-768x617.jpg 768w, https:\/\/ericante.fr\/wp-content\/uploads\/2016\/04\/petite-chienne-dAktio.jpg 1024w\" sizes=\"auto, (max-width: 300px) 100vw, 300px\" \/><\/a><\/p>\n<h3 style=\"text-align: justify;\"><span style=\"font-family: 'Times New Roman', serif; color: #333333;\">Le mardi 9 avril tout est pr\u00eat pour la mise \u00e0 l&rsquo;eau le matin \u00e0 9 heures et demi Ericante retrouve son \u00e9l\u00e9ment. Les moteurs d\u00e9marrent bien mais en examinant les presses \u00e9toupes, le cot\u00e9 b\u00e2bord fuit abondamment, appel du m\u00e9canicien: pas d&rsquo;autre solution que de ressortir de l&rsquo;eau et \u00e0 10 heures et demi nous sommes de retour \u00e0 la case d\u00e9part.<\/span><\/h3>\n<p><a href=\"https:\/\/ericante.fr\/wp-content\/uploads\/2016\/04\/manutention-Preveza.jpg\" rel=\"attachment wp-att-3221\"><img loading=\"lazy\" decoding=\"async\" class=\"alignnone wp-image-3221\" src=\"https:\/\/ericante.fr\/wp-content\/uploads\/2016\/04\/manutention-Preveza-300x254.jpg\" alt=\"manutention Preveza\" width=\"293\" height=\"248\" srcset=\"https:\/\/ericante.fr\/wp-content\/uploads\/2016\/04\/manutention-Preveza-300x254.jpg 300w, https:\/\/ericante.fr\/wp-content\/uploads\/2016\/04\/manutention-Preveza-768x651.jpg 768w, https:\/\/ericante.fr\/wp-content\/uploads\/2016\/04\/manutention-Preveza.jpg 1024w\" sizes=\"auto, (max-width: 293px) 100vw, 293px\" \/><\/a>\u00a0<a href=\"https:\/\/ericante.fr\/wp-content\/uploads\/2016\/04\/Mise-\u00e0-leau-Preveza.jpg\" rel=\"attachment wp-att-3222\"><img loading=\"lazy\" decoding=\"async\" class=\"alignnone wp-image-3222\" src=\"https:\/\/ericante.fr\/wp-content\/uploads\/2016\/04\/Mise-\u00e0-leau-Preveza-300x225.jpg\" alt=\"Mise \u00e0 l'eau Preveza\" width=\"331\" height=\"248\" srcset=\"https:\/\/ericante.fr\/wp-content\/uploads\/2016\/04\/Mise-\u00e0-leau-Preveza-300x225.jpg 300w, https:\/\/ericante.fr\/wp-content\/uploads\/2016\/04\/Mise-\u00e0-leau-Preveza-768x576.jpg 768w, https:\/\/ericante.fr\/wp-content\/uploads\/2016\/04\/Mise-\u00e0-leau-Preveza.jpg 1024w\" sizes=\"auto, (max-width: 331px) 100vw, 331px\" \/><\/a><\/p>\n<h3 style=\"text-align: justify;\"><span style=\"font-family: 'Times New Roman', serif; color: #333333;\">On d\u00e9cide de changer les deux presses \u00e9toupes et d\u00e9montons une bonne partie du mobilier de la cabine arri\u00e8re pour rendre l&rsquo;acc\u00e8s plus facile. Malheureusement il n&rsquo;y a qu&rsquo;un mod\u00e8le en stock et encore faut-il le modifier pour qu&rsquo;il s&rsquo;adapte. Le presse \u00e9toupe b\u00e2bord neuf est pos\u00e9 le jeudi matin et le jeudi apr\u00e8s midi retour \u00e0 l&rsquo;eau. La soir\u00e9e est consacr\u00e9e \u00e0 la reposition de tout le mobilier. Vendredi matin on constate que le moteur b\u00e2bord ne \u00ab\u00a0crache\u00a0\u00bb plus. Il faut changer le rouet de la pompe \u00e0 eau. <\/span><\/h3>\n<p style=\"text-align: justify;\"><span style=\"font-family: 'Times New Roman', serif; color: #333333;\">Ensuite vidange et changement des filtres des 2 moteurs et du groupe \u00e9lectrog\u00e8ne et le samedi 11 nous pr\u00eat pour le d\u00e9part de la saison 2016.<\/span><\/p>\n","protected":false},"excerpt":{"rendered":"<p>10Retour \u00e0 bord. Partis de Logonna le 11 mars nous sommes arriv\u00e9s \u00e0 Preveza le 18 apr\u00e8s 2 jours \u00e0 Rennes, 2 jours \u00e0 Paris et 3 jours \u00e0 Ath\u00e8nes. \u00a0 A Ath\u00e8nes nous avons utilis\u00e9 pour la premi\u00e8re fois &hellip; <a href=\"https:\/\/ericante.fr\/?p=3196\">Continuer la lecture <span class=\"meta-nav\">&rarr;<\/span><\/a><\/p>\n","protected":false},"author":1,"featured_media":0,"comment_status":"open","ping_status":"open","sticky":false,"template":"","format":"standard","meta":{"_monsterinsights_skip_tracking":false,"_monsterinsights_sitenote_active":false,"_monsterinsights_sitenote_note":"","_monsterinsights_sitenote_category":0,"_uf_show_specific_survey":0,"_uf_disable_surveys":false,"footnotes":""},"categories":[266],"tags":[287,273],"class_list":["post-3196","post","type-post","status-publish","format-standard","hentry","category-grece","tag-grece","tag-preveza"],"_links":{"self":[{"href":"https:\/\/ericante.fr\/index.php?rest_route=\/wp\/v2\/posts\/3196","targetHints":{"allow":["GET"]}}],"collection":[{"href":"https:\/\/ericante.fr\/index.php?rest_route=\/wp\/v2\/posts"}],"about":[{"href":"https:\/\/ericante.fr\/index.php?rest_route=\/wp\/v2\/types\/post"}],"author":[{"embeddable":true,"href":"https:\/\/ericante.fr\/index.php?rest_route=\/wp\/v2\/users\/1"}],"replies":[{"embeddable":true,"href":"https:\/\/ericante.fr\/index.php?rest_route=%2Fwp%2Fv2%2Fcomments&post=3196"}],"version-history":[{"count":11,"href":"https:\/\/ericante.fr\/index.php?rest_route=\/wp\/v2\/posts\/3196\/revisions"}],"predecessor-version":[{"id":3369,"href":"https:\/\/ericante.fr\/index.php?rest_route=\/wp\/v2\/posts\/3196\/revisions\/3369"}],"wp:attachment":[{"href":"https:\/\/ericante.fr\/index.php?rest_route=%2Fwp%2Fv2%2Fmedia&parent=3196"}],"wp:term":[{"taxonomy":"category","embeddable":true,"href":"https:\/\/ericante.fr\/index.php?rest_route=%2Fwp%2Fv2%2Fcategories&post=3196"},{"taxonomy":"post_tag","embeddable":true,"href":"https:\/\/ericante.fr\/index.php?rest_route=%2Fwp%2Fv2%2Ftags&post=3196"}],"curies":[{"name":"wp","href":"https:\/\/api.w.org\/{rel}","templated":true}]}}