{"id":294,"date":"2011-08-16T21:14:43","date_gmt":"2011-08-16T20:14:43","guid":{"rendered":"http:\/\/ericante.fr\/?p=294"},"modified":"2015-08-06T07:13:42","modified_gmt":"2015-08-06T06:13:42","slug":"trebeurden-du-15-au-16-aout-2011","status":"publish","type":"post","link":"https:\/\/ericante.fr\/?p=294","title":{"rendered":"Trebeurden, du lundi 15 au mardi 16 ao\u00fbt 2011"},"content":{"rendered":"<p style=\"text-align: justify;\"><img loading=\"lazy\" decoding=\"async\" class=\"lazy alignleft\" title=\"\" src=\"http:\/\/dev.stw.fr\/sites\/default\/files\/833\/images\/3688913283.JPG\" alt=\"15-08 Pascal et Christophe \u00e0 Trebeurden.JPG\" width=\"312\" height=\"234\" \/>D\u00e9part \u00e0 9 h 30 de Torquay nous mettons le cap au 180 vers Perros Guirec ou Trebeurden.<br \/>\nLe vent d&rsquo;ouest-nord-ouest force 3 \u00e0 4 nous permet d&rsquo;avancer vite. Il fait beau le vent est r\u00e9gulier, la mer peu agit\u00e9e, barrer dans ces conditions est un plaisir qu&rsquo;appr\u00e9cient Christophe et surtout Pascal. A 19 heures nous entrons dans les eaux fran\u00e7aises et \u00e0 20 h 30 nous passons les 2 000 miles du bateau dans le rail. A l&rsquo;allure o\u00f9 nous allons nous arriverons dans le courant de la nuit \u00e0 mar\u00e9e basse.<br \/>\nIl 4 heures 30 quand nous mouillons l&rsquo;ancre devant le port de Tr\u00e9beurden dont les portes sont ferm\u00e9es.<br \/>\nLe 15 ao\u00fbt un peu avant 9 heures, nous entrons dan le port et apr\u00e8s un bon repas accompagnons nos \u00e9quipiers qui doivent reprendre leur travail \u00e0 Paris le lendemain matin.<\/p>\n<p><img loading=\"lazy\" decoding=\"async\" class=\"lazy aligncenter\" title=\"\" src=\"http:\/\/dev.stw.fr\/sites\/default\/files\/833\/images\/1650709181.JPG\" alt=\"16-08 l'avant port de Trebeurden.JPG\" width=\"560\" height=\"420\" \/><\/p>\n","protected":false},"excerpt":{"rendered":"<p>D\u00e9part \u00e0 9 h 30 de Torquay nous mettons le cap au 180 vers Perros Guirec ou Trebeurden. Le vent d&rsquo;ouest-nord-ouest force 3 \u00e0 4 nous permet d&rsquo;avancer vite. Il fait beau le vent est r\u00e9gulier, la mer peu agit\u00e9e, &hellip; <a href=\"https:\/\/ericante.fr\/?p=294\">Continuer la lecture <span class=\"meta-nav\">&rarr;<\/span><\/a><\/p>\n","protected":false},"author":1,"featured_media":0,"comment_status":"open","ping_status":"open","sticky":false,"template":"","format":"standard","meta":{"_monsterinsights_skip_tracking":false,"_monsterinsights_sitenote_active":false,"_monsterinsights_sitenote_note":"","_monsterinsights_sitenote_category":0,"_uf_show_specific_survey":0,"_uf_disable_surveys":false,"footnotes":""},"categories":[12],"tags":[96],"class_list":["post-294","post","type-post","status-publish","format-standard","hentry","category-france","tag-trebeurden"],"_links":{"self":[{"href":"https:\/\/ericante.fr\/index.php?rest_route=\/wp\/v2\/posts\/294","targetHints":{"allow":["GET"]}}],"collection":[{"href":"https:\/\/ericante.fr\/index.php?rest_route=\/wp\/v2\/posts"}],"about":[{"href":"https:\/\/ericante.fr\/index.php?rest_route=\/wp\/v2\/types\/post"}],"author":[{"embeddable":true,"href":"https:\/\/ericante.fr\/index.php?rest_route=\/wp\/v2\/users\/1"}],"replies":[{"embeddable":true,"href":"https:\/\/ericante.fr\/index.php?rest_route=%2Fwp%2Fv2%2Fcomments&post=294"}],"version-history":[{"count":2,"href":"https:\/\/ericante.fr\/index.php?rest_route=\/wp\/v2\/posts\/294\/revisions"}],"predecessor-version":[{"id":296,"href":"https:\/\/ericante.fr\/index.php?rest_route=\/wp\/v2\/posts\/294\/revisions\/296"}],"wp:attachment":[{"href":"https:\/\/ericante.fr\/index.php?rest_route=%2Fwp%2Fv2%2Fmedia&parent=294"}],"wp:term":[{"taxonomy":"category","embeddable":true,"href":"https:\/\/ericante.fr\/index.php?rest_route=%2Fwp%2Fv2%2Fcategories&post=294"},{"taxonomy":"post_tag","embeddable":true,"href":"https:\/\/ericante.fr\/index.php?rest_route=%2Fwp%2Fv2%2Ftags&post=294"}],"curies":[{"name":"wp","href":"https:\/\/api.w.org\/{rel}","templated":true}]}}