{"id":10641,"date":"2026-08-31T07:57:39","date_gmt":"2026-08-31T05:57:39","guid":{"rendered":"https:\/\/ericante.fr\/?p=10641"},"modified":"2026-08-31T07:57:39","modified_gmt":"2026-08-31T05:57:39","slug":"de-port-manech-a-guidel-le-samedi-25-juillet-2026","status":"publish","type":"post","link":"https:\/\/ericante.fr\/?p=10641","title":{"rendered":"De Port Manec&rsquo;h \u00e0 Guidel le samedi 25 juillet 2026"},"content":{"rendered":"<p style=\"text-align: justify;\"><span style=\"font-family: Times New Roman, serif;\">D\u00e9part \u00e0 11 heures de Port Manec&rsquo;h, \u00e0 midi rencontre avec un banc de dauphins et \u00e0 13 heures entr\u00e9e dans la La\u00efta.<\/span><\/p>\n<p><a href=\"https:\/\/ericante.fr\/wp-content\/uploads\/2026\/08\/2026-8-25-Depart-dr-Port-Manech.jpg\">\u00a0 \u00a0<img loading=\"lazy\" decoding=\"async\" class=\"alignnone size-medium wp-image-10635\" src=\"https:\/\/ericante.fr\/wp-content\/uploads\/2026\/08\/2026-8-25-Depart-dr-Port-Manech-300x225.jpg\" alt=\"\" width=\"300\" height=\"225\" srcset=\"https:\/\/ericante.fr\/wp-content\/uploads\/2026\/08\/2026-8-25-Depart-dr-Port-Manech-300x225.jpg 300w, https:\/\/ericante.fr\/wp-content\/uploads\/2026\/08\/2026-8-25-Depart-dr-Port-Manech-768x576.jpg 768w, https:\/\/ericante.fr\/wp-content\/uploads\/2026\/08\/2026-8-25-Depart-dr-Port-Manech.jpg 992w\" sizes=\"auto, (max-width: 300px) 100vw, 300px\" \/><\/a> <a href=\"https:\/\/ericante.fr\/wp-content\/uploads\/2026\/08\/2026-7-25-Les-dodos.jpg\"><img loading=\"lazy\" decoding=\"async\" class=\"alignnone size-medium wp-image-10630\" src=\"https:\/\/ericante.fr\/wp-content\/uploads\/2026\/08\/2026-7-25-Les-dodos-300x225.jpg\" alt=\"\" width=\"300\" height=\"225\" srcset=\"https:\/\/ericante.fr\/wp-content\/uploads\/2026\/08\/2026-7-25-Les-dodos-300x225.jpg 300w, https:\/\/ericante.fr\/wp-content\/uploads\/2026\/08\/2026-7-25-Les-dodos-768x576.jpg 768w, https:\/\/ericante.fr\/wp-content\/uploads\/2026\/08\/2026-7-25-Les-dodos.jpg 992w\" sizes=\"auto, (max-width: 300px) 100vw, 300px\" \/><\/a><\/p>\n<p style=\"text-align: justify;\">Changement de port, changement d&rsquo;accueil\u00a0: en appelant \u00e0 la VHF le port de Guidel, nous obtenons une r\u00e9ponse imm\u00e9diate\u00a0: <span style=\"font-family: Times New Roman, serif;\">\u00ab\u00a0Avancez jusqu&rsquo;\u00e0 la tourelle rouge Men Du, un zodiac viendra vous accompagner jusqu&rsquo;\u00e0 votre place dans le port\u00a0\u00bb<\/span><\/p>\n<p><a href=\"https:\/\/ericante.fr\/wp-content\/uploads\/2026\/08\/2026-7-25-Entree-du-port-de-Guidel.jpg\">\u00a0<img loading=\"lazy\" decoding=\"async\" class=\"alignnone size-medium wp-image-10637\" src=\"https:\/\/ericante.fr\/wp-content\/uploads\/2026\/08\/2026-7-25-Entree-du-port-de-Guidel-300x225.jpg\" alt=\"\" width=\"300\" height=\"225\" srcset=\"https:\/\/ericante.fr\/wp-content\/uploads\/2026\/08\/2026-7-25-Entree-du-port-de-Guidel-300x225.jpg 300w, https:\/\/ericante.fr\/wp-content\/uploads\/2026\/08\/2026-7-25-Entree-du-port-de-Guidel-768x576.jpg 768w, https:\/\/ericante.fr\/wp-content\/uploads\/2026\/08\/2026-7-25-Entree-du-port-de-Guidel.jpg 992w\" sizes=\"auto, (max-width: 300px) 100vw, 300px\" \/><\/a> <a href=\"https:\/\/ericante.fr\/wp-content\/uploads\/2026\/08\/2026-7-25-Megawatt-a-Guidej.jpg\"><img loading=\"lazy\" decoding=\"async\" class=\"alignnone size-medium wp-image-10636\" src=\"https:\/\/ericante.fr\/wp-content\/uploads\/2026\/08\/2026-7-25-Megawatt-a-Guidej-300x225.jpg\" alt=\"\" width=\"300\" height=\"225\" srcset=\"https:\/\/ericante.fr\/wp-content\/uploads\/2026\/08\/2026-7-25-Megawatt-a-Guidej-300x225.jpg 300w, https:\/\/ericante.fr\/wp-content\/uploads\/2026\/08\/2026-7-25-Megawatt-a-Guidej-768x576.jpg 768w, https:\/\/ericante.fr\/wp-content\/uploads\/2026\/08\/2026-7-25-Megawatt-a-Guidej.jpg 992w\" sizes=\"auto, (max-width: 300px) 100vw, 300px\" \/><\/a><\/p>\n<p style=\"text-align: justify;\"><span style=\"font-family: Times New Roman, serif;\">Guidel est une petite station baln\u00e9aire situ\u00e9e au bord de la La\u00efta en face du Pouldu, il y a des restaurants et les commerces essentiels.<\/span><\/p>\n<p style=\"text-align: justify;\"><span style=\"font-family: Times New Roman, serif;\">L&rsquo;apr\u00e8s-midi, balade le long de la rivi\u00e8re jusqu&rsquo;au moulin de Beg Nevez puis retour par la route et les sentiers en longeant un grand champ de tournesols. Avant d&rsquo;arriver, vue \u00e9poustouflante sur l&rsquo;oc\u00e9an et l&rsquo;\u00eele de Groix.<\/span><\/p>\n<p><a href=\"https:\/\/ericante.fr\/wp-content\/uploads\/2026\/08\/2026-7-26-La-Laita.jpg\">\u00a0<img loading=\"lazy\" decoding=\"async\" class=\"alignnone size-medium wp-image-10638\" src=\"https:\/\/ericante.fr\/wp-content\/uploads\/2026\/08\/2026-7-26-La-Laita-300x225.jpg\" alt=\"\" width=\"300\" height=\"225\" srcset=\"https:\/\/ericante.fr\/wp-content\/uploads\/2026\/08\/2026-7-26-La-Laita-300x225.jpg 300w, https:\/\/ericante.fr\/wp-content\/uploads\/2026\/08\/2026-7-26-La-Laita-768x576.jpg 768w, https:\/\/ericante.fr\/wp-content\/uploads\/2026\/08\/2026-7-26-La-Laita.jpg 992w\" sizes=\"auto, (max-width: 300px) 100vw, 300px\" \/><\/a> <a href=\"https:\/\/ericante.fr\/wp-content\/uploads\/2026\/08\/2026-7-26-Moulin-de-Beg-Nevez.jpeg\"><img loading=\"lazy\" decoding=\"async\" class=\"alignnone size-medium wp-image-10640\" src=\"https:\/\/ericante.fr\/wp-content\/uploads\/2026\/08\/2026-7-26-Moulin-de-Beg-Nevez-300x225.jpeg\" alt=\"\" width=\"300\" height=\"225\" srcset=\"https:\/\/ericante.fr\/wp-content\/uploads\/2026\/08\/2026-7-26-Moulin-de-Beg-Nevez-300x225.jpeg 300w, https:\/\/ericante.fr\/wp-content\/uploads\/2026\/08\/2026-7-26-Moulin-de-Beg-Nevez-768x576.jpeg 768w, https:\/\/ericante.fr\/wp-content\/uploads\/2026\/08\/2026-7-26-Moulin-de-Beg-Nevez.jpeg 992w\" sizes=\"auto, (max-width: 300px) 100vw, 300px\" \/><\/a><\/p>\n<p><a href=\"https:\/\/ericante.fr\/wp-content\/uploads\/2026\/08\/2026-7-26-Champ-de-tournesol.jpeg\"><img loading=\"lazy\" decoding=\"async\" class=\"alignnone  wp-image-10633\" src=\"https:\/\/ericante.fr\/wp-content\/uploads\/2026\/08\/2026-7-26-Champ-de-tournesol-300x225.jpeg\" alt=\"\" width=\"237\" height=\"178\" srcset=\"https:\/\/ericante.fr\/wp-content\/uploads\/2026\/08\/2026-7-26-Champ-de-tournesol-300x225.jpeg 300w, https:\/\/ericante.fr\/wp-content\/uploads\/2026\/08\/2026-7-26-Champ-de-tournesol-768x576.jpeg 768w, https:\/\/ericante.fr\/wp-content\/uploads\/2026\/08\/2026-7-26-Champ-de-tournesol.jpeg 992w\" sizes=\"auto, (max-width: 237px) 100vw, 237px\" \/><\/a> <a href=\"https:\/\/ericante.fr\/wp-content\/uploads\/2026\/08\/2026-7-26-tournesol.jpg\"><img loading=\"lazy\" decoding=\"async\" class=\"alignnone  wp-image-10632\" src=\"https:\/\/ericante.fr\/wp-content\/uploads\/2026\/08\/2026-7-26-tournesol-225x300.jpg\" alt=\"\" width=\"89\" height=\"118\" srcset=\"https:\/\/ericante.fr\/wp-content\/uploads\/2026\/08\/2026-7-26-tournesol-225x300.jpg 225w, https:\/\/ericante.fr\/wp-content\/uploads\/2026\/08\/2026-7-26-tournesol.jpg 768w\" sizes=\"auto, (max-width: 89px) 100vw, 89px\" \/> <\/a><a href=\"https:\/\/ericante.fr\/wp-content\/uploads\/2026\/08\/2026-7-26-Retour-a-Guidel.jpeg\"><img loading=\"lazy\" decoding=\"async\" class=\"alignnone size-medium wp-image-10634\" src=\"https:\/\/ericante.fr\/wp-content\/uploads\/2026\/08\/2026-7-26-Retour-a-Guidel-300x225.jpeg\" alt=\"\" width=\"300\" height=\"225\" srcset=\"https:\/\/ericante.fr\/wp-content\/uploads\/2026\/08\/2026-7-26-Retour-a-Guidel-300x225.jpeg 300w, https:\/\/ericante.fr\/wp-content\/uploads\/2026\/08\/2026-7-26-Retour-a-Guidel-768x576.jpeg 768w, https:\/\/ericante.fr\/wp-content\/uploads\/2026\/08\/2026-7-26-Retour-a-Guidel.jpeg 992w\" sizes=\"auto, (max-width: 300px) 100vw, 300px\" \/><\/a><\/p>\n<p style=\"text-align: justify;\"><span style=\"font-family: Times New Roman, serif;\">Le lendemain nous traversons la rivi\u00e8re en annexe, le courant est fort et notre petit moteur \u00e9lectrique peine un peu. De ce c\u00f4t\u00e9 c&rsquo;est moins touristique. Pas de commerces mais une grande plage.<\/span><\/p>\n<p style=\"text-align: center;\"><a href=\"https:\/\/ericante.fr\/wp-content\/uploads\/2026\/08\/2026-7-26-Plage-du-Pouldu.jpeg\"><img loading=\"lazy\" decoding=\"async\" class=\"alignnone size-medium wp-image-10631\" src=\"https:\/\/ericante.fr\/wp-content\/uploads\/2026\/08\/2026-7-26-Plage-du-Pouldu-300x225.jpeg\" alt=\"\" width=\"300\" height=\"225\" srcset=\"https:\/\/ericante.fr\/wp-content\/uploads\/2026\/08\/2026-7-26-Plage-du-Pouldu-300x225.jpeg 300w, https:\/\/ericante.fr\/wp-content\/uploads\/2026\/08\/2026-7-26-Plage-du-Pouldu-768x576.jpeg 768w, https:\/\/ericante.fr\/wp-content\/uploads\/2026\/08\/2026-7-26-Plage-du-Pouldu.jpeg 992w\" sizes=\"auto, (max-width: 300px) 100vw, 300px\" \/><\/a><\/p>\n","protected":false},"excerpt":{"rendered":"<p>D\u00e9part \u00e0 11 heures de Port Manec&rsquo;h, \u00e0 midi rencontre avec un banc de dauphins et \u00e0 13 heures entr\u00e9e dans la La\u00efta. \u00a0 \u00a0 Changement de port, changement d&rsquo;accueil\u00a0: en appelant \u00e0 la VHF le port de Guidel, nous &hellip; <a href=\"https:\/\/ericante.fr\/?p=10641\">Continuer la lecture <span class=\"meta-nav\">&rarr;<\/span><\/a><\/p>\n","protected":false},"author":1,"featured_media":0,"comment_status":"open","ping_status":"open","sticky":false,"template":"","format":"standard","meta":{"_monsterinsights_skip_tracking":false,"_uf_show_specific_survey":0,"_uf_disable_surveys":false,"footnotes":""},"categories":[12],"tags":[747,749,748],"class_list":["post-10641","post","type-post","status-publish","format-standard","hentry","category-france","tag-guidel","tag-la-laita","tag-le-pouldu"],"_links":{"self":[{"href":"https:\/\/ericante.fr\/index.php?rest_route=\/wp\/v2\/posts\/10641","targetHints":{"allow":["GET"]}}],"collection":[{"href":"https:\/\/ericante.fr\/index.php?rest_route=\/wp\/v2\/posts"}],"about":[{"href":"https:\/\/ericante.fr\/index.php?rest_route=\/wp\/v2\/types\/post"}],"author":[{"embeddable":true,"href":"https:\/\/ericante.fr\/index.php?rest_route=\/wp\/v2\/users\/1"}],"replies":[{"embeddable":true,"href":"https:\/\/ericante.fr\/index.php?rest_route=%2Fwp%2Fv2%2Fcomments&post=10641"}],"version-history":[{"count":2,"href":"https:\/\/ericante.fr\/index.php?rest_route=\/wp\/v2\/posts\/10641\/revisions"}],"predecessor-version":[{"id":10643,"href":"https:\/\/ericante.fr\/index.php?rest_route=\/wp\/v2\/posts\/10641\/revisions\/10643"}],"wp:attachment":[{"href":"https:\/\/ericante.fr\/index.php?rest_route=%2Fwp%2Fv2%2Fmedia&parent=10641"}],"wp:term":[{"taxonomy":"category","embeddable":true,"href":"https:\/\/ericante.fr\/index.php?rest_route=%2Fwp%2Fv2%2Fcategories&post=10641"},{"taxonomy":"post_tag","embeddable":true,"href":"https:\/\/ericante.fr\/index.php?rest_route=%2Fwp%2Fv2%2Ftags&post=10641"}],"curies":[{"name":"wp","href":"https:\/\/api.w.org\/{rel}","templated":true}]}}