{"id":10616,"date":"2026-08-30T15:19:53","date_gmt":"2026-08-30T13:19:53","guid":{"rendered":"https:\/\/ericante.fr\/?p=10616"},"modified":"2026-08-30T15:19:53","modified_gmt":"2026-08-30T13:19:53","slug":"de-sainte-marine-a-port-manech-le-vendredi-24-juillet-2026","status":"publish","type":"post","link":"https:\/\/ericante.fr\/?p=10616","title":{"rendered":"De Sainte Marine \u00e0 Port Manec&rsquo;h le vendredi 24 juillet 2026"},"content":{"rendered":"<p style=\"text-align: justify;\">Port Manec&rsquo;h. J&rsquo;imaginais le petit port breton typique avec sa jet\u00e9e, ses petites maisons de p\u00eacheur et son caf\u00e9 du port. Nous avons \u00e9t\u00e9 d\u00e9\u00e7us.<\/p>\n<p><a href=\"https:\/\/ericante.fr\/wp-content\/uploads\/2026\/08\/2026-7-24-Depart-de-Benodet-1.jpg\">\u00a0 <img loading=\"lazy\" decoding=\"async\" class=\"alignnone size-medium wp-image-10625\" src=\"https:\/\/ericante.fr\/wp-content\/uploads\/2026\/08\/2026-7-24-Depart-de-Benodet-1-300x225.jpg\" alt=\"\" width=\"300\" height=\"225\" srcset=\"https:\/\/ericante.fr\/wp-content\/uploads\/2026\/08\/2026-7-24-Depart-de-Benodet-1-300x225.jpg 300w, https:\/\/ericante.fr\/wp-content\/uploads\/2026\/08\/2026-7-24-Depart-de-Benodet-1-768x576.jpg 768w, https:\/\/ericante.fr\/wp-content\/uploads\/2026\/08\/2026-7-24-Depart-de-Benodet-1.jpg 1020w\" sizes=\"auto, (max-width: 300px) 100vw, 300px\" \/><\/a> <a href=\"https:\/\/ericante.fr\/wp-content\/uploads\/2026\/08\/2026-7-24-Port-Manech.jpeg\"><img loading=\"lazy\" decoding=\"async\" class=\"alignnone size-medium wp-image-10623\" src=\"https:\/\/ericante.fr\/wp-content\/uploads\/2026\/08\/2026-7-24-Port-Manech-300x225.jpeg\" alt=\"\" width=\"300\" height=\"225\" srcset=\"https:\/\/ericante.fr\/wp-content\/uploads\/2026\/08\/2026-7-24-Port-Manech-300x225.jpeg 300w, https:\/\/ericante.fr\/wp-content\/uploads\/2026\/08\/2026-7-24-Port-Manech-768x576.jpeg 768w, https:\/\/ericante.fr\/wp-content\/uploads\/2026\/08\/2026-7-24-Port-Manech.jpeg 992w\" sizes=\"auto, (max-width: 300px) 100vw, 300px\" \/><\/a><\/p>\n<p style=\"text-align: justify;\">Apr\u00e8s 4 heures de navigation depuis Sainte-Marine et plusieurs appels VHF et t\u00e9l\u00e9phone rest\u00e9s sans r\u00e9ponse, nous prenons donc une bou\u00e9e libre devant le village. Mauvaise surprise\u00a0: la houle entre dans le mouillage, changement de bou\u00e9e pour aller plus \u00e0 l&rsquo;int\u00e9rieur, ce n&rsquo;est pas beaucoup mieux.<\/p>\n<p style=\"text-align: center;\"><a href=\"https:\/\/ericante.fr\/wp-content\/uploads\/2026\/08\/2026-7-24-Port-Manech.jpeg\"><img loading=\"lazy\" decoding=\"async\" class=\"alignnone size-medium wp-image-10623\" src=\"https:\/\/ericante.fr\/wp-content\/uploads\/2026\/08\/2026-7-24-Port-Manech-300x225.jpeg\" alt=\"\" width=\"300\" height=\"225\" srcset=\"https:\/\/ericante.fr\/wp-content\/uploads\/2026\/08\/2026-7-24-Port-Manech-300x225.jpeg 300w, https:\/\/ericante.fr\/wp-content\/uploads\/2026\/08\/2026-7-24-Port-Manech-768x576.jpeg 768w, https:\/\/ericante.fr\/wp-content\/uploads\/2026\/08\/2026-7-24-Port-Manech.jpeg 992w\" sizes=\"auto, (max-width: 300px) 100vw, 300px\" \/><\/a><\/p>\n<p style=\"text-align: justify;\">Nous d\u00e9barquons en annexe sur un ponton pr\u00e9vu \u00e0 cet effet. Le village manque de caract\u00e8re, il y a une petite plage mais elle est noire de monde.<\/p>\n<p><a href=\"https:\/\/ericante.fr\/wp-content\/uploads\/2026\/08\/2026-7-24-Plage-de-Port-Manech.jpg\">\u00a0 \u00a0 <img loading=\"lazy\" decoding=\"async\" class=\"alignnone size-medium wp-image-10624\" src=\"https:\/\/ericante.fr\/wp-content\/uploads\/2026\/08\/2026-7-24-Plage-de-Port-Manech-300x225.jpg\" alt=\"\" width=\"300\" height=\"225\" srcset=\"https:\/\/ericante.fr\/wp-content\/uploads\/2026\/08\/2026-7-24-Plage-de-Port-Manech-300x225.jpg 300w, https:\/\/ericante.fr\/wp-content\/uploads\/2026\/08\/2026-7-24-Plage-de-Port-Manech-768x576.jpg 768w, https:\/\/ericante.fr\/wp-content\/uploads\/2026\/08\/2026-7-24-Plage-de-Port-Manech.jpg 992w\" sizes=\"auto, (max-width: 300px) 100vw, 300px\" \/><\/a> <a href=\"https:\/\/ericante.fr\/wp-content\/uploads\/2026\/08\/2026-7-24-Le-soir-a-Port-Manech.jpeg\"><img loading=\"lazy\" decoding=\"async\" class=\"alignnone size-medium wp-image-10622\" src=\"https:\/\/ericante.fr\/wp-content\/uploads\/2026\/08\/2026-7-24-Le-soir-a-Port-Manech-300x225.jpeg\" alt=\"\" width=\"300\" height=\"225\" srcset=\"https:\/\/ericante.fr\/wp-content\/uploads\/2026\/08\/2026-7-24-Le-soir-a-Port-Manech-300x225.jpeg 300w, https:\/\/ericante.fr\/wp-content\/uploads\/2026\/08\/2026-7-24-Le-soir-a-Port-Manech-768x576.jpeg 768w, https:\/\/ericante.fr\/wp-content\/uploads\/2026\/08\/2026-7-24-Le-soir-a-Port-Manech.jpeg 992w\" sizes=\"auto, (max-width: 300px) 100vw, 300px\" \/><\/a><\/p>\n<p style=\"text-align: justify;\">Le lendemain, le marin du port vient percevoir sa redevance et nous explique que nous aurions \u00e9t\u00e9 beaucoup mieux un peu plus haut sur la rivi\u00e8re, qu&rsquo;il fallait t\u00e9l\u00e9phoner!<\/p>\n<p style=\"text-align: justify;\">\u00ab\u00a0Ah oui, hier c&rsquo;\u00e9tait un rempla\u00e7ant, un retrait\u00e9, mais il n&rsquo;est pas toujours l\u00e0.\u00a0\u00bb<\/p>\n","protected":false},"excerpt":{"rendered":"<p>Port Manec&rsquo;h. J&rsquo;imaginais le petit port breton typique avec sa jet\u00e9e, ses petites maisons de p\u00eacheur et son caf\u00e9 du port. Nous avons \u00e9t\u00e9 d\u00e9\u00e7us. \u00a0 Apr\u00e8s 4 heures de navigation depuis Sainte-Marine et plusieurs appels VHF et t\u00e9l\u00e9phone rest\u00e9s &hellip; <a href=\"https:\/\/ericante.fr\/?p=10616\">Continuer la lecture <span class=\"meta-nav\">&rarr;<\/span><\/a><\/p>\n","protected":false},"author":1,"featured_media":0,"comment_status":"open","ping_status":"open","sticky":false,"template":"","format":"standard","meta":{"_monsterinsights_skip_tracking":false,"_uf_show_specific_survey":0,"_uf_disable_surveys":false,"footnotes":""},"categories":[12],"tags":[746],"class_list":["post-10616","post","type-post","status-publish","format-standard","hentry","category-france","tag-port-manech"],"_links":{"self":[{"href":"https:\/\/ericante.fr\/index.php?rest_route=\/wp\/v2\/posts\/10616","targetHints":{"allow":["GET"]}}],"collection":[{"href":"https:\/\/ericante.fr\/index.php?rest_route=\/wp\/v2\/posts"}],"about":[{"href":"https:\/\/ericante.fr\/index.php?rest_route=\/wp\/v2\/types\/post"}],"author":[{"embeddable":true,"href":"https:\/\/ericante.fr\/index.php?rest_route=\/wp\/v2\/users\/1"}],"replies":[{"embeddable":true,"href":"https:\/\/ericante.fr\/index.php?rest_route=%2Fwp%2Fv2%2Fcomments&post=10616"}],"version-history":[{"count":4,"href":"https:\/\/ericante.fr\/index.php?rest_route=\/wp\/v2\/posts\/10616\/revisions"}],"predecessor-version":[{"id":10626,"href":"https:\/\/ericante.fr\/index.php?rest_route=\/wp\/v2\/posts\/10616\/revisions\/10626"}],"wp:attachment":[{"href":"https:\/\/ericante.fr\/index.php?rest_route=%2Fwp%2Fv2%2Fmedia&parent=10616"}],"wp:term":[{"taxonomy":"category","embeddable":true,"href":"https:\/\/ericante.fr\/index.php?rest_route=%2Fwp%2Fv2%2Fcategories&post=10616"},{"taxonomy":"post_tag","embeddable":true,"href":"https:\/\/ericante.fr\/index.php?rest_route=%2Fwp%2Fv2%2Ftags&post=10616"}],"curies":[{"name":"wp","href":"https:\/\/api.w.org\/{rel}","templated":true}]}}